{"id":2407,"date":"2025-03-07T08:06:34","date_gmt":"2025-03-07T08:06:34","guid":{"rendered":"https:\/\/vitaflos.hr\/?p=2407"},"modified":"2025-03-07T08:11:26","modified_gmt":"2025-03-07T08:11:26","slug":"3-floral-week-opatija-2025","status":"publish","type":"post","link":"https:\/\/vitaflos.hr\/sk\/3-floral-week-opatija-2025\/","title":{"rendered":"3. FLORAL WEEK OPATIJA 2025."},"content":{"rendered":"<p class=\"qtranxs-available-languages-message qtranxs-available-languages-message-sk\">\u013dutujeme, t\u00e1to str\u00e1nka je dostupn\u00e1 len v <a href=\"https:\/\/vitaflos.hr\/hr\/wp-json\/wp\/v2\/posts\/2407\" class=\"qtranxs-available-language-link qtranxs-available-language-link-hr\" title=\"Hrvatski\">Chorv\u00e1t\u010dina<\/a>.<\/p>","protected":false},"excerpt":{"rendered":"<p>It\u2019s this time of the year again \u2013 the air is simply filled with love. And what is a better way to say \u2018I love you\u2019 than with carefully selected flowers? We would like to suggest classic Roses and the flowers of the month \u2013 Chrysanthemums!<\/p>\n","protected":false},"author":1,"featured_media":2415,"comment_status":"closed","ping_status":"closed","sticky":false,"template":"","format":"standard","meta":[],"categories":[17],"tags":[],"yoast_head":"<!-- This site is optimized with the Yoast SEO plugin v21.6 - https:\/\/yoast.com\/wordpress\/plugins\/seo\/ -->\n<title>3. FLORAL WEEK OPATIJA 2025. - Vita flos<\/title>\n<meta name=\"description\" content=\"Tre\u0107a po redu cvjetna manifestacija ima edukativni, kulturni, izlo\u017ebeni karakter. \u017delja i namjera je da ovaj cvjetni event stvori imid\u017e Opatije kao mjesto stvaranja kulture vrhunske cvjetne umjetnosti, svojim sadr\u017eajem obogati Opatiju i kalendar doga\u0111anja na po\u010detku turisti\u010dke sezone.\" \/>\n<meta name=\"robots\" content=\"index, follow, max-snippet:-1, max-image-preview:large, max-video-preview:-1\" \/>\n<link rel=\"canonical\" href=\"http:\/\/vitaflos.hr\/3-floral-week-opatija-2025\/\" \/>\n<meta property=\"og:locale\" content=\"sk_SK\" \/>\n<meta property=\"og:type\" content=\"article\" \/>\n<meta property=\"og:title\" content=\"3. FLORAL WEEK OPATIJA 2025. - Vita flos\" \/>\n<meta property=\"og:description\" content=\"Tre\u0107a po redu cvjetna manifestacija ima edukativni, kulturni, izlo\u017ebeni karakter. \u017delja i namjera je da ovaj cvjetni event stvori imid\u017e Opatije kao mjesto stvaranja kulture vrhunske cvjetne umjetnosti, svojim sadr\u017eajem obogati Opatiju i kalendar doga\u0111anja na po\u010detku turisti\u010dke sezone.\" \/>\n<meta property=\"og:url\" content=\"http:\/\/vitaflos.hr\/3-floral-week-opatija-2025\/\" \/>\n<meta property=\"og:site_name\" content=\"Vita flos\" \/>\n<meta property=\"article:published_time\" content=\"2025-03-07T08:06:34+00:00\" \/>\n<meta property=\"article:modified_time\" content=\"2025-03-07T08:11:26+00:00\" \/>\n<meta property=\"og:image\" content=\"http:\/\/vitaflos.hr\/wp-content\/uploads\/2025\/03\/floral-week-opatija-cvjecarstvo.jpg\" \/>\n\t<meta property=\"og:image:width\" content=\"1700\" \/>\n\t<meta property=\"og:image:height\" content=\"1131\" \/>\n\t<meta property=\"og:image:type\" content=\"image\/jpeg\" \/>\n<meta name=\"author\" content=\"webpoint-vf\" \/>\n<meta name=\"twitter:card\" content=\"summary_large_image\" \/>\n<meta name=\"twitter:label1\" content=\"Autor\" \/>\n\t<meta name=\"twitter:data1\" content=\"webpoint-vf\" \/>\n\t<meta name=\"twitter:label2\" content=\"Predpokladan\u00fd \u010das \u010d\u00edtania\" \/>\n\t<meta name=\"twitter:data2\" content=\"5 min\u00fat\" \/>\n<script type=\"application\/ld+json\" class=\"yoast-schema-graph\">{\"@context\":\"https:\/\/schema.org\",\"@graph\":[{\"@type\":\"WebPage\",\"@id\":\"http:\/\/vitaflos.hr\/3-floral-week-opatija-2025\/\",\"url\":\"http:\/\/vitaflos.hr\/3-floral-week-opatija-2025\/\",\"name\":\"3. FLORAL WEEK OPATIJA 2025. - Vita flos\",\"isPartOf\":{\"@id\":\"http:\/\/vitaflos.hr\/en\/#website\"},\"datePublished\":\"2025-03-07T08:06:34+00:00\",\"dateModified\":\"2025-03-07T08:11:26+00:00\",\"author\":{\"@id\":\"http:\/\/vitaflos.hr\/en\/#\/schema\/person\/792c57e9f054af844d8551a48b45b02d\"},\"description\":\"Tre\u0107a po redu cvjetna manifestacija ima edukativni, kulturni, izlo\u017ebeni karakter. \u017delja i namjera je da ovaj cvjetni event stvori imid\u017e Opatije kao mjesto stvaranja kulture vrhunske cvjetne umjetnosti, svojim sadr\u017eajem obogati Opatiju i kalendar doga\u0111anja na po\u010detku turisti\u010dke sezone.\",\"breadcrumb\":{\"@id\":\"http:\/\/vitaflos.hr\/3-floral-week-opatija-2025\/#breadcrumb\"},\"inLanguage\":\"sk-SK\",\"potentialAction\":[{\"@type\":\"ReadAction\",\"target\":[\"http:\/\/vitaflos.hr\/3-floral-week-opatija-2025\/\"]}]},{\"@type\":\"BreadcrumbList\",\"@id\":\"http:\/\/vitaflos.hr\/3-floral-week-opatija-2025\/#breadcrumb\",\"itemListElement\":[{\"@type\":\"ListItem\",\"position\":1,\"name\":\"Po\u010detna stranica\",\"item\":\"http:\/\/vitaflos.hr\/en\/\"},{\"@type\":\"ListItem\",\"position\":2,\"name\":\"3. FLORAL WEEK OPATIJA 2025.\"}]},{\"@type\":\"WebSite\",\"@id\":\"http:\/\/vitaflos.hr\/en\/#website\",\"url\":\"http:\/\/vitaflos.hr\/en\/\",\"name\":\"Vita flos\",\"description\":\"Uvoz i veleprodaja cvije\u0107a\",\"potentialAction\":[{\"@type\":\"SearchAction\",\"target\":{\"@type\":\"EntryPoint\",\"urlTemplate\":\"http:\/\/vitaflos.hr\/en\/?s={search_term_string}\"},\"query-input\":\"required name=search_term_string\"}],\"inLanguage\":\"sk-SK\"},{\"@type\":\"Person\",\"@id\":\"http:\/\/vitaflos.hr\/en\/#\/schema\/person\/792c57e9f054af844d8551a48b45b02d\",\"name\":\"webpoint-vf\",\"image\":{\"@type\":\"ImageObject\",\"inLanguage\":\"sk-SK\",\"@id\":\"http:\/\/vitaflos.hr\/en\/#\/schema\/person\/image\/\",\"url\":\"https:\/\/secure.gravatar.com\/avatar\/ee92c2599a599fec8a73393884aad06f?s=96&d=mm&r=g\",\"contentUrl\":\"https:\/\/secure.gravatar.com\/avatar\/ee92c2599a599fec8a73393884aad06f?s=96&d=mm&r=g\",\"caption\":\"webpoint-vf\"},\"url\":\"https:\/\/vitaflos.hr\/sk\/author\/webpoint-vf\/\"}]}<\/script>\n<!-- \/ Yoast SEO plugin. -->","yoast_head_json":{"title":"3. FLORAL WEEK OPATIJA 2025. - Vita flos","description":"Tre\u0107a po redu cvjetna manifestacija ima edukativni, kulturni, izlo\u017ebeni karakter. \u017delja i namjera je da ovaj cvjetni event stvori imid\u017e Opatije kao mjesto stvaranja kulture vrhunske cvjetne umjetnosti, svojim sadr\u017eajem obogati Opatiju i kalendar doga\u0111anja na po\u010detku turisti\u010dke sezone.","robots":{"index":"index","follow":"follow","max-snippet":"max-snippet:-1","max-image-preview":"max-image-preview:large","max-video-preview":"max-video-preview:-1"},"canonical":"http:\/\/vitaflos.hr\/3-floral-week-opatija-2025\/","og_locale":"sk_SK","og_type":"article","og_title":"3. FLORAL WEEK OPATIJA 2025. - Vita flos","og_description":"Tre\u0107a po redu cvjetna manifestacija ima edukativni, kulturni, izlo\u017ebeni karakter. \u017delja i namjera je da ovaj cvjetni event stvori imid\u017e Opatije kao mjesto stvaranja kulture vrhunske cvjetne umjetnosti, svojim sadr\u017eajem obogati Opatiju i kalendar doga\u0111anja na po\u010detku turisti\u010dke sezone.","og_url":"http:\/\/vitaflos.hr\/3-floral-week-opatija-2025\/","og_site_name":"Vita flos","article_published_time":"2025-03-07T08:06:34+00:00","article_modified_time":"2025-03-07T08:11:26+00:00","og_image":[{"width":1700,"height":1131,"url":"http:\/\/vitaflos.hr\/wp-content\/uploads\/2025\/03\/floral-week-opatija-cvjecarstvo.jpg","type":"image\/jpeg"}],"author":"webpoint-vf","twitter_card":"summary_large_image","twitter_misc":{"Autor":"webpoint-vf","Predpokladan\u00fd \u010das \u010d\u00edtania":"5 min\u00fat"},"schema":{"@context":"https:\/\/schema.org","@graph":[{"@type":"WebPage","@id":"http:\/\/vitaflos.hr\/3-floral-week-opatija-2025\/","url":"http:\/\/vitaflos.hr\/3-floral-week-opatija-2025\/","name":"3. FLORAL WEEK OPATIJA 2025. - Vita flos","isPartOf":{"@id":"http:\/\/vitaflos.hr\/en\/#website"},"datePublished":"2025-03-07T08:06:34+00:00","dateModified":"2025-03-07T08:11:26+00:00","author":{"@id":"http:\/\/vitaflos.hr\/en\/#\/schema\/person\/792c57e9f054af844d8551a48b45b02d"},"description":"Tre\u0107a po redu cvjetna manifestacija ima edukativni, kulturni, izlo\u017ebeni karakter. \u017delja i namjera je da ovaj cvjetni event stvori imid\u017e Opatije kao mjesto stvaranja kulture vrhunske cvjetne umjetnosti, svojim sadr\u017eajem obogati Opatiju i kalendar doga\u0111anja na po\u010detku turisti\u010dke sezone.","breadcrumb":{"@id":"http:\/\/vitaflos.hr\/3-floral-week-opatija-2025\/#breadcrumb"},"inLanguage":"sk-SK","potentialAction":[{"@type":"ReadAction","target":["http:\/\/vitaflos.hr\/3-floral-week-opatija-2025\/"]}]},{"@type":"BreadcrumbList","@id":"http:\/\/vitaflos.hr\/3-floral-week-opatija-2025\/#breadcrumb","itemListElement":[{"@type":"ListItem","position":1,"name":"Po\u010detna stranica","item":"http:\/\/vitaflos.hr\/en\/"},{"@type":"ListItem","position":2,"name":"3. FLORAL WEEK OPATIJA 2025."}]},{"@type":"WebSite","@id":"http:\/\/vitaflos.hr\/en\/#website","url":"http:\/\/vitaflos.hr\/en\/","name":"Vita flos","description":"Uvoz i veleprodaja cvije\u0107a","potentialAction":[{"@type":"SearchAction","target":{"@type":"EntryPoint","urlTemplate":"http:\/\/vitaflos.hr\/en\/?s={search_term_string}"},"query-input":"required name=search_term_string"}],"inLanguage":"sk-SK"},{"@type":"Person","@id":"http:\/\/vitaflos.hr\/en\/#\/schema\/person\/792c57e9f054af844d8551a48b45b02d","name":"webpoint-vf","image":{"@type":"ImageObject","inLanguage":"sk-SK","@id":"http:\/\/vitaflos.hr\/en\/#\/schema\/person\/image\/","url":"https:\/\/secure.gravatar.com\/avatar\/ee92c2599a599fec8a73393884aad06f?s=96&d=mm&r=g","contentUrl":"https:\/\/secure.gravatar.com\/avatar\/ee92c2599a599fec8a73393884aad06f?s=96&d=mm&r=g","caption":"webpoint-vf"},"url":"https:\/\/vitaflos.hr\/sk\/author\/webpoint-vf\/"}]}},"_links":{"self":[{"href":"https:\/\/vitaflos.hr\/sk\/wp-json\/wp\/v2\/posts\/2407"}],"collection":[{"href":"https:\/\/vitaflos.hr\/sk\/wp-json\/wp\/v2\/posts"}],"about":[{"href":"https:\/\/vitaflos.hr\/sk\/wp-json\/wp\/v2\/types\/post"}],"author":[{"embeddable":true,"href":"https:\/\/vitaflos.hr\/sk\/wp-json\/wp\/v2\/users\/1"}],"replies":[{"embeddable":true,"href":"https:\/\/vitaflos.hr\/sk\/wp-json\/wp\/v2\/comments?post=2407"}],"version-history":[{"count":4,"href":"https:\/\/vitaflos.hr\/sk\/wp-json\/wp\/v2\/posts\/2407\/revisions"}],"predecessor-version":[{"id":2414,"href":"https:\/\/vitaflos.hr\/sk\/wp-json\/wp\/v2\/posts\/2407\/revisions\/2414"}],"wp:featuredmedia":[{"embeddable":true,"href":"https:\/\/vitaflos.hr\/sk\/wp-json\/wp\/v2\/media\/2415"}],"wp:attachment":[{"href":"https:\/\/vitaflos.hr\/sk\/wp-json\/wp\/v2\/media?parent=2407"}],"wp:term":[{"taxonomy":"category","embeddable":true,"href":"https:\/\/vitaflos.hr\/sk\/wp-json\/wp\/v2\/categories?post=2407"},{"taxonomy":"post_tag","embeddable":true,"href":"https:\/\/vitaflos.hr\/sk\/wp-json\/wp\/v2\/tags?post=2407"}],"curies":[{"name":"wp","href":"https:\/\/api.w.org\/{rel}","templated":true}]}}